{"id":7625,"date":"2025-01-13T17:47:25","date_gmt":"2025-01-13T17:47:25","guid":{"rendered":"https:\/\/aeal.edu.pt\/portal\/?p=7625"},"modified":"2025-01-13T17:47:25","modified_gmt":"2025-01-13T17:47:25","slug":"provas-de-monitorizacao-da-aprendizagem-provas-moda-2025","status":"publish","type":"post","link":"https:\/\/aeal.edu.pt\/portal\/provas-de-monitorizacao-da-aprendizagem-provas-moda-2025\/","title":{"rendered":"Provas de Monitoriza\u00e7\u00e3o da Aprendizagem \u2013 Provas ModA 2025"},"content":{"rendered":"<p><strong>A partir do ano letivo 2024\/2025, as tradicionais Provas de Aferi\u00e7\u00e3o ser\u00e3o substitu\u00eddas por um novo modelo de avalia\u00e7\u00e3o externa, denominado Provas de Monitoriza\u00e7\u00e3o da Aprendizagem (ModA).<\/strong><\/p>\n<p>As antigas\u00a0<strong>Provas de Aferi\u00e7\u00e3o<\/strong>, realizadas nos 2.\u00ba, 5.\u00ba e 8.\u00ba anos, ser\u00e3o substitu\u00eddas pelas\u00a0<strong>Provas de Monitoriza\u00e7\u00e3o da Aprendizagem (ModA)<\/strong>, aplicadas no 4.\u00ba e 6.\u00ba anos, j\u00e1 no presente ano letivo, 2024\/2025.<\/p>\n<p>\u201cEsta mudan\u00e7a integra o\u00a0<a href=\"https:\/\/www.portugal.gov.pt\/pt\/gc24\/comunicacao\/noticia?i=novo-modelo-de-avaliacao-externa-dos-alunos-a-partir-de-20242025\" target=\"_blank\" rel=\"noopener\">Novo Modelo de Avalia\u00e7\u00e3o Externa<\/a>\u00a0e reflete o compromisso do Minist\u00e9rio da Educa\u00e7\u00e3o, Ci\u00eancia e Inova\u00e7\u00e3o em monitorizar de forma mais eficaz as aprendizagens dos alunos e em garantir que as escolas possam ajustar as suas estrat\u00e9gias pedag\u00f3gicas com base em dados mais precisos e atempados. A implementa\u00e7\u00e3o deste novo formato vai ao encontro de pr\u00e1ticas internacionais e visa uma maior comparabilidade de resultados ao longo dos anos e entre ciclos de ensino.\u201d<\/p>\n<p>As Provas de Monitoriza\u00e7\u00e3o da Aprendizagem (ModA) ter\u00e3o como foco as disciplinas de Portugu\u00eas, Matem\u00e1tica (com Estudo do Meio no 4.\u00ba ano e Ci\u00eancias Naturais no 6.\u00ba ano), al\u00e9m de uma terceira disciplina que ser\u00e1 rotativa a cada tr\u00eas anos.<\/p>\n<p>O\u00a0<strong>formato ser\u00e1 digital<\/strong>\u00a0de modo a manter a tend\u00eancia de moderniza\u00e7\u00e3o e efici\u00eancia no processo de avalia\u00e7\u00e3o. Este novo modelo permitir\u00e1 uma an\u00e1lise mais precisa e comparativa das aprendizagens dos alunos ao longo dos anos, sendo tamb\u00e9m uma ferramenta importante para que as escolas possam corrigir lacunas detetadas no processo de ensino.<\/p>\n<p>Al\u00e9m das provas fixas de Portugu\u00eas e Matem\u00e1tica, haver\u00e1 uma terceira prova rotativa que ser\u00e1 aplicada a diferentes disciplinas de tr\u00eas em tr\u00eas anos. No 4.\u00ba ano, as disciplinas rotativas incluem Ingl\u00eas (em 2025 e 2028), Educa\u00e7\u00e3o Art\u00edstica (em 2026) e Educa\u00e7\u00e3o F\u00edsica (em 2027). Para o 6.\u00ba ano, as provas rotativas incidir\u00e3o sobre Hist\u00f3ria e Geografia de Portugal (em 2025 e 2028), Ingl\u00eas (em 2026) e Educa\u00e7\u00e3o F\u00edsica e Educa\u00e7\u00e3o Visual (em 2027).<\/p>\n<p class=\"has-text-align-center has-pale-cyan-blue-background-color has-background\">Para os alunos do 4\u00ba ano de escolaridade, as<strong>\u00a0provas ser\u00e3o realizadas entre maio e junho de 2025<\/strong>.<\/p>\n<p class=\"has-text-align-center has-pale-cyan-blue-background-color has-background\">Para os alunos do 6\u00ba ano de escolaridade, as\u00a0<strong>provas ter\u00e3o lugar no mesmo per\u00edodo, entre maio e junho de 2025<\/strong>.<\/p>\n<p>Apesar da import\u00e2ncia do acompanhamento da aprendizagem, as Provas de Monitoriza\u00e7\u00e3o da Aprendizagem (ModA)\u00a0<em>n\u00e3o contar\u00e3o diretamente para a classifica\u00e7\u00e3o final dos alunos,<\/em>\u00a0tal como as anteriores provas de aferi\u00e7\u00e3o.<\/p>\n<p>O objetivo principal \u00e9 avaliar o n\u00edvel de aprendizagem dos estudantes e fornecer dados detalhados sobre o respetivo desempenho, sem que isso influencie diretamente as notas finais. No entanto, cada aluno receber\u00e1 uma\u00a0<em>classifica\u00e7\u00e3o quantitativa numa escala de 0 a 100<\/em>, que ser\u00e1 registada na ficha individual.<\/p>\n<p class=\"has-text-align-center\">Informa\u00e7\u00f5es complementares podem ser encontradas no s\u00edtio do\u00a0<strong><a title=\"Minist\u00e9rio da Educa\u00e7\u00e3o\" href=\"https:\/\/www.portugal.gov.pt\/download-ficheiros\/ficheiro.aspx?v=%3D%3DBQAAAB%2BLCAAAAAAABAAzNDGyNAYAj9SRswUAAAA%3D\">Minist\u00e9rio da Educa\u00e7\u00e3o<\/a><\/strong>\u00a0e do\u00a0<strong><a title=\"IAVE\" href=\"https:\/\/iave.pt\/provas-e-exames\/calendario\/\">IAVE<\/a><\/strong>.<\/p>\n<p class=\"has-text-align-center\"><a href=\"https:\/\/diariodarepublica.pt\/dr\/detalhe\/despacho\/14526-2024-899357353\" target=\"_blank\" rel=\"noopener\">Despacho n.\u00ba 14526\/2024<\/a><\/p>\n","protected":false},"excerpt":{"rendered":"<p>A partir do ano letivo 2024\/2025, as tradicionais Provas de Aferi\u00e7\u00e3o ser\u00e3o substitu\u00eddas por um novo modelo de avalia\u00e7\u00e3o externa, denominado Provas de Monitoriza\u00e7\u00e3o da Aprendizagem (ModA). As antigas\u00a0Provas de Aferi\u00e7\u00e3o, realizadas nos 2.\u00ba, 5.\u00ba e 8.\u00ba anos, ser\u00e3o substitu\u00eddas pelas\u00a0Provas de Monitoriza\u00e7\u00e3o da Aprendizagem&nbsp;<a href=\"https:\/\/aeal.edu.pt\/portal\/provas-de-monitorizacao-da-aprendizagem-provas-moda-2025\/\">&hellip;<\/a><\/p>\n","protected":false},"author":1,"featured_media":7459,"comment_status":"closed","ping_status":"open","sticky":false,"template":"","format":"standard","meta":{"footnotes":""},"categories":[1],"tags":[],"class_list":["post-7625","post","type-post","status-publish","format-standard","has-post-thumbnail","hentry","category-desporto-escolar","odd"],"_links":{"self":[{"href":"https:\/\/aeal.edu.pt\/portal\/wp-json\/wp\/v2\/posts\/7625","targetHints":{"allow":["GET"]}}],"collection":[{"href":"https:\/\/aeal.edu.pt\/portal\/wp-json\/wp\/v2\/posts"}],"about":[{"href":"https:\/\/aeal.edu.pt\/portal\/wp-json\/wp\/v2\/types\/post"}],"author":[{"embeddable":true,"href":"https:\/\/aeal.edu.pt\/portal\/wp-json\/wp\/v2\/users\/1"}],"replies":[{"embeddable":true,"href":"https:\/\/aeal.edu.pt\/portal\/wp-json\/wp\/v2\/comments?post=7625"}],"version-history":[{"count":1,"href":"https:\/\/aeal.edu.pt\/portal\/wp-json\/wp\/v2\/posts\/7625\/revisions"}],"predecessor-version":[{"id":7627,"href":"https:\/\/aeal.edu.pt\/portal\/wp-json\/wp\/v2\/posts\/7625\/revisions\/7627"}],"wp:featuredmedia":[{"embeddable":true,"href":"https:\/\/aeal.edu.pt\/portal\/wp-json\/wp\/v2\/media\/7459"}],"wp:attachment":[{"href":"https:\/\/aeal.edu.pt\/portal\/wp-json\/wp\/v2\/media?parent=7625"}],"wp:term":[{"taxonomy":"category","embeddable":true,"href":"https:\/\/aeal.edu.pt\/portal\/wp-json\/wp\/v2\/categories?post=7625"},{"taxonomy":"post_tag","embeddable":true,"href":"https:\/\/aeal.edu.pt\/portal\/wp-json\/wp\/v2\/tags?post=7625"}],"curies":[{"name":"wp","href":"https:\/\/api.w.org\/{rel}","templated":true}]}}