{"id":7633,"date":"2025-01-17T16:43:43","date_gmt":"2025-01-17T16:43:43","guid":{"rendered":"https:\/\/aeal.edu.pt\/portal\/?p=7633"},"modified":"2025-01-17T17:33:02","modified_gmt":"2025-01-17T17:33:02","slug":"pre-inscricoes-2025-2026-educacao-pre-escolar-e-1o-ano-do-1o-ciclo-do-ensino-basico","status":"publish","type":"post","link":"https:\/\/aeal.edu.pt\/portal\/pre-inscricoes-2025-2026-educacao-pre-escolar-e-1o-ano-do-1o-ciclo-do-ensino-basico\/","title":{"rendered":"Pr\u00e9-inscri\u00e7\u00f5es &#8211; 2025\/2026  Educa\u00e7\u00e3o Pr\u00e9-Escolar e 1\u00ba ano do 1\u00ba ciclo do Ensino B\u00e1sico"},"content":{"rendered":"<p>Est\u00e3o abertas as pr\u00e9-inscri\u00e7\u00f5es para as crian\u00e7as a ingressar na Educa\u00e7\u00e3o Pr\u00e9-Escolar e no 1o ano do 1o Ciclo do Ensino B\u00e1sico, no ano letivo 2025\/26.<\/p>\n<p>&nbsp;<\/p>\n<div class='w3eden'><!-- WPDM Link Template: Default Template -->\n\n<div class=\"link-template-default card mb-2\">\n    <div class=\"card-body\">\n        <div class=\"media\">\n            <div class=\"mr-3 img-48\"><img decoding=\"async\" class=\"wpdm_icon\" alt=\"Icon\" src=\"https:\/\/aeal.edu.pt\/portal\/wp-content\/plugins\/download-manager\/assets\/file-type-icons\/pdf.svg\" \/><\/div>\n            <div class=\"media-body\">\n                <h3 class=\"package-title\"><a href='https:\/\/aeal.edu.pt\/portal\/download\/pre-inscricoes-pre-e-1o-ceb\/'>Pr\u00e9-inscri\u00e7\u00f5es - Pr\u00e9 e 1\u00ba CEB<\/a><\/h3>\n                <div class=\"text-muted text-small\"><i class=\"fas fa-copy\"><\/i> 1 file(s) <i class=\"fas fa-hdd ml-3\"><\/i> 217.51 KB<\/div>\n            <\/div>\n            <div class=\"ml-3\">\n                <a class='wpdm-download-link download-on-click btn btn-primary ' rel='nofollow' href='#' data-downloadurl=\"https:\/\/aeal.edu.pt\/portal\/download\/pre-inscricoes-pre-e-1o-ceb\/?wpdmdl=7632&refresh=69f1d1dd9eaa51777455581\">Download<\/a>\n            <\/div>\n        <\/div>\n    <\/div>\n<\/div>\n\n<\/div>\n","protected":false},"excerpt":{"rendered":"<p>Est\u00e3o abertas as pr\u00e9-inscri\u00e7\u00f5es para as crian\u00e7as a ingressar na Educa\u00e7\u00e3o Pr\u00e9-Escolar e no 1o ano do 1o Ciclo do Ensino B\u00e1sico, no ano letivo 2025\/26. &nbsp;<\/p>\n","protected":false},"author":1,"featured_media":7639,"comment_status":"closed","ping_status":"open","sticky":false,"template":"","format":"standard","meta":{"footnotes":""},"categories":[1],"tags":[],"class_list":["post-7633","post","type-post","status-publish","format-standard","has-post-thumbnail","hentry","category-desporto-escolar","odd"],"_links":{"self":[{"href":"https:\/\/aeal.edu.pt\/portal\/wp-json\/wp\/v2\/posts\/7633","targetHints":{"allow":["GET"]}}],"collection":[{"href":"https:\/\/aeal.edu.pt\/portal\/wp-json\/wp\/v2\/posts"}],"about":[{"href":"https:\/\/aeal.edu.pt\/portal\/wp-json\/wp\/v2\/types\/post"}],"author":[{"embeddable":true,"href":"https:\/\/aeal.edu.pt\/portal\/wp-json\/wp\/v2\/users\/1"}],"replies":[{"embeddable":true,"href":"https:\/\/aeal.edu.pt\/portal\/wp-json\/wp\/v2\/comments?post=7633"}],"version-history":[{"count":1,"href":"https:\/\/aeal.edu.pt\/portal\/wp-json\/wp\/v2\/posts\/7633\/revisions"}],"predecessor-version":[{"id":7634,"href":"https:\/\/aeal.edu.pt\/portal\/wp-json\/wp\/v2\/posts\/7633\/revisions\/7634"}],"wp:featuredmedia":[{"embeddable":true,"href":"https:\/\/aeal.edu.pt\/portal\/wp-json\/wp\/v2\/media\/7639"}],"wp:attachment":[{"href":"https:\/\/aeal.edu.pt\/portal\/wp-json\/wp\/v2\/media?parent=7633"}],"wp:term":[{"taxonomy":"category","embeddable":true,"href":"https:\/\/aeal.edu.pt\/portal\/wp-json\/wp\/v2\/categories?post=7633"},{"taxonomy":"post_tag","embeddable":true,"href":"https:\/\/aeal.edu.pt\/portal\/wp-json\/wp\/v2\/tags?post=7633"}],"curies":[{"name":"wp","href":"https:\/\/api.w.org\/{rel}","templated":true}]}}